{"id":896,"date":"2019-02-20T11:25:27","date_gmt":"2019-02-20T10:25:27","guid":{"rendered":"http:\/\/www.avvocatopallanch.it\/?p=896"},"modified":"2019-03-19T14:13:05","modified_gmt":"2019-03-19T13:13:05","slug":"guida-in-stato-debbrezza-aggravante-dellincidente-stradale-solo-se-ce-il-nesso-causale","status":"publish","type":"post","link":"https:\/\/www.avvocatopallanch.it\/?p=896","title":{"rendered":"Guida in stato d\u2019ebbrezza &#8211; Aggravante dell\u2019incidente stradale: solo se c\u2019\u00e8 il nesso causale"},"content":{"rendered":"<p align=\"left\"><span style=\"color: #000000; font-size: 14pt;\"><span style=\"font-family: Cambria, serif;\">L<\/span><span style=\"font-family: Cambria, serif;\">e sanzioni previste per chi guida in stato di ebbrezza certamente non sono lievi.<\/span><\/span><\/p>\n<p align=\"left\"><span style=\"font-family: Cambria, serif; color: #000000; font-size: 14pt;\">Nel caso in cui il conducente, oltre ad aver alzato il gomito, abbia causato anche un incidente stradale, le conseguenze si fanno decisamente pi\u00f9 gravi.<\/span><\/p>\n<p align=\"left\"><span style=\"color: #000000; font-size: 14pt;\"><span style=\"font-family: Cambria, serif;\"><b>1.<\/b><\/span><span style=\"font-family: Cambria, serif;\"> Le pene sono raddoppiate (anche il periodo di sospensione della patente!)<\/span><\/span><\/p>\n<p align=\"left\"><span style=\"color: #000000; font-size: 14pt;\"><span style=\"font-family: Cambria, serif;\"><b>2. <\/b><\/span><span style=\"font-family: Cambria, serif;\">il veicolo \u00e8 sottoposto a fermo amministrativo per 180 giorni (salvo che appartenga a \u201cpersona estranea all\u2019illecito\u201d)<\/span><\/span><\/p>\n<p align=\"left\"><span style=\"color: #000000; font-size: 14pt;\"><span style=\"font-family: Cambria, serif;\"><b>3.<\/b><\/span><span style=\"font-family: Cambria, serif;\"> se il tasso alcolico supera 1,5 g\/l il veicolo \u00e8 confiscato (salvo che appartenga a \u201cpersona estranea all\u2019illecito\u201d).<\/span><\/span><\/p>\n<p align=\"left\"><span style=\"color: #000000; font-size: 14pt;\"><span style=\"font-family: Cambria, serif;\">A ci\u00f2 si aggiunga che la giurisprudenza ha pi\u00f9 volte chiarito che i<\/span><span style=\"font-family: Cambria, serif;\">l<\/span><span style=\"font-family: Cambria, serif;\"> concetto di incidente stradale \u00e8 inteso in modo decisamente ampio.<\/span><\/span><\/p>\n<p align=\"left\"><span style=\"color: #000000; font-size: 14pt;\"><span style=\"font-family: Cambria, serif;\">Costituisce infatti <\/span><span style=\"font-family: Cambria, serif;\">\u201cincidente stradale\u201d <\/span><span style=\"font-family: Cambria, serif;\">qualsiasi, purch\u00e9 significativa, turbativa del traffico potenzialmente idonea a determinare danni<\/span><span style=\"font-family: Cambria, serif;\"><i>. <\/i><\/span><span style=\"font-family: Cambria, serif;\">Ci\u00f2 significa che potrebbe essere riconosciuta l\u2019aggravante in questione anche se l\u2019automobilista non <\/span><span style=\"font-family: Cambria, serif;\">cagioni<\/span><span style=\"font-family: Cambria, serif;\"> di fatto danni <\/span><span style=\"font-family: Cambria, serif;\">n\u00e9 <\/span><span style=\"font-family: Cambria, serif;\">a persone <\/span><span style=\"font-family: Cambria, serif;\">n\u00e9<\/span><span style=\"font-family: Cambria, serif;\"> a cose.<\/span><\/span><\/p>\n<p align=\"left\"><span style=\"color: #000000; font-size: 14pt;\"><span style=\"font-family: Cambria, serif;\">In ogni caso, se da un lato il concetto di incidente stradale \u00e8 interpretato in modo consapevolmente ampio, dall\u2019altro lato la giurisprudenza riconosce che la circostanza aggravante non sar\u00e0 contestata nel caso in cui l\u2019incidente si verifichi per una causa diversa dallo stato di ebbrezza in cui versi il conducente.<\/span><\/span><\/p>\n<p align=\"left\"><span style=\"color: #000000; font-size: 14pt;\"><span style=\"font-family: Cambria, serif;\">Mi spiego meglio: perch\u00e9 all\u2019automobilista possa essere contestata l\u2019aggravante \u00e8 necessario che l\u2019incidente si sia verificato proprio a causa dello stato di ebbrezza in cui versava l\u2019automobilista.<\/span><\/span><\/p>\n<p align=\"left\"><span style=\"color: #000000; font-size: 14pt;\"><span style=\"font-family: Cambria, serif;\">Ancora meglio: tra l\u2019incidente e lo stato di ebbrezza deve sussistere il c.d. nesso di causalit\u00e0.<\/span><\/span><\/p>\n<p align=\"center\"><span style=\"color: #000000; font-size: 14pt;\"><span style=\"font-family: Cambria, serif;\">E<\/span><span style=\"font-family: Cambria, serif;\">stratto da<\/span><\/span><\/p>\n<p style=\"text-align: center;\" align=\"left\"><span style=\"font-family: Cambria, serif; color: #000000; font-size: 14pt;\"><strong><i>Cassazione, sez. IV Penale, sentenza 19 luglio 2018 \u2013 14 febbraio 2019, n. 7033<\/i><\/strong><\/span><\/p>\n<p align=\"center\"><span style=\"color: #000000; font-size: 14pt;\"><span style=\"font-family: Cambria, serif;\"><i>(\u2026)<\/i><\/span><\/span><\/p>\n<p align=\"left\"><span style=\"font-family: Cambria, serif; color: #000000; font-size: 14pt;\"><i>Quanto al secondo motivo, si premette che, secondo la giurisprudenza di legittimit\u00e0 (Sez. 4, n. 47276 del 06\/11\/2012, Rv. 253921; Sez. 4, n. 42488 del 19\/09\/2012, Rv. 253734), nella nozione di incidente stradale di cui all\u2019art. 186, comma 2 bis, cod. strada deve intendersi <\/i><i><u>qualsiasi avvenimento inatteso che, interrompendo il normale svolgimento della circolazione stradale, possa provocare pericolo alla collettivit\u00e0<\/u><\/i><i>, senza che assuma rilevanza l\u2019avvenuto coinvolgimento di terzi o di altri veicoli; a tal fine non sono richiesti n\u00e9 i danni alle persone n\u00e9 i danni alle cose, con la conseguenza che \u00e8 sufficiente qualsiasi, purch\u00e9 significativa, turbativa del traffico potenzialmente idonea a determinare danni; situazione certamente riscontrabile nella concreta fattispecie, rivelatrice di effetti particolarmente pericolosi derivanti dall\u2019uso di bevande alcoliche oltre i limiti prescritti dal codice della strada.<br \/>\nCos\u00ec chiarita la nozione in esame, vale il principio affermato dalla Suprema Corte in base al quale, ai fini della configurabilit\u00e0 dell\u2019aggravante in esame, <\/i><i><u>\u00e8 necessario che sia accertato un coefficiente causale<\/u><\/i><i> della condotta della conducente rispetto al sinistro (Sez. 4, n. 7969 del 06\/12\/2013, Rv. 258616).<br \/>\n\u00c8 quindi corretta ed in linea con le enunciate coordinate ermeneutiche, l\u2019affermazione della Corte distrettuale secondo cui la condotta del <\/i><i>XXX<\/i><i> il quale, a bordo della sua autovettura, ha omesso di dare la precedenza ad un veicolo proveniente dalla sua destra e ha urtato contro di esso terminando, poi, la corsa contro un tronco di un albero, ricade appieno nel paradigma dell\u2019aggravante contestata. <\/i><\/span><\/p>\n","protected":false},"excerpt":{"rendered":"<p>Le sanzioni previste per chi guida in stato di ebbrezza <\/p>\n","protected":false},"author":1,"featured_media":796,"comment_status":"closed","ping_status":"closed","sticky":false,"template":"","format":"standard","meta":[],"categories":[7],"tags":[24,23,13,25,14],"_links":{"self":[{"href":"https:\/\/www.avvocatopallanch.it\/index.php?rest_route=\/wp\/v2\/posts\/896"}],"collection":[{"href":"https:\/\/www.avvocatopallanch.it\/index.php?rest_route=\/wp\/v2\/posts"}],"about":[{"href":"https:\/\/www.avvocatopallanch.it\/index.php?rest_route=\/wp\/v2\/types\/post"}],"author":[{"embeddable":true,"href":"https:\/\/www.avvocatopallanch.it\/index.php?rest_route=\/wp\/v2\/users\/1"}],"replies":[{"embeddable":true,"href":"https:\/\/www.avvocatopallanch.it\/index.php?rest_route=%2Fwp%2Fv2%2Fcomments&post=896"}],"version-history":[{"count":3,"href":"https:\/\/www.avvocatopallanch.it\/index.php?rest_route=\/wp\/v2\/posts\/896\/revisions"}],"predecessor-version":[{"id":1161,"href":"https:\/\/www.avvocatopallanch.it\/index.php?rest_route=\/wp\/v2\/posts\/896\/revisions\/1161"}],"wp:featuredmedia":[{"embeddable":true,"href":"https:\/\/www.avvocatopallanch.it\/index.php?rest_route=\/wp\/v2\/media\/796"}],"wp:attachment":[{"href":"https:\/\/www.avvocatopallanch.it\/index.php?rest_route=%2Fwp%2Fv2%2Fmedia&parent=896"}],"wp:term":[{"taxonomy":"category","embeddable":true,"href":"https:\/\/www.avvocatopallanch.it\/index.php?rest_route=%2Fwp%2Fv2%2Fcategories&post=896"},{"taxonomy":"post_tag","embeddable":true,"href":"https:\/\/www.avvocatopallanch.it\/index.php?rest_route=%2Fwp%2Fv2%2Ftags&post=896"}],"curies":[{"name":"wp","href":"https:\/\/api.w.org\/{rel}","templated":true}]}}