{"id":663,"date":"2019-02-06T16:22:58","date_gmt":"2019-02-06T15:22:58","guid":{"rendered":"http:\/\/www.avvocatopallanch.it\/?p=663"},"modified":"2021-05-27T12:11:03","modified_gmt":"2021-05-27T10:11:03","slug":"il-patrocinio-a-spese-dello-stato-in-materia-penale","status":"publish","type":"post","link":"https:\/\/www.avvocatopallanch.it\/?p=663","title":{"rendered":"Il patrocinio a spese dello Stato in materia penale"},"content":{"rendered":"<p class=\"western\" style=\"text-align: center;\" align=\"center\"><span style=\"font-family: Cambria, serif; color: #000000; font-size: 14pt;\">Costituzione delle Repubblica Italiana<\/span><\/p>\n<p class=\"western\" style=\"text-align: center;\" align=\"center\"><span style=\"font-family: Cambria, serif; color: #000000; font-size: 14pt;\">&#8211; art. 24 &#8211;<\/span><\/p>\n<p class=\"western\" style=\"text-align: center;\" align=\"center\"><span style=\"color: #000000; font-size: 14pt;\"><span style=\"font-family: Cambria, serif;\">(\u2026)<\/span><span style=\"font-family: Cambria, serif;\"><i> Sono assicurati <\/i><\/span><span style=\"font-family: Cambria, serif;\"><i>ai <\/i><\/span><span style=\"font-family: Cambria, serif;\"><i><b>non abbienti<\/b><\/i><\/span><span style=\"font-family: Cambria, serif;\"><i>, con appositi istituti, i mezzi per agire e difendersi davanti ad ogni giurisdizione<\/i><\/span><i> <\/i><\/span><\/p>\n<p class=\"western\" align=\"left\"><span style=\"color: #000000; font-size: 14pt;\"><span style=\"font-family: Cambria, serif;\">Il p<\/span><span style=\"font-family: Cambria, serif;\">atrocinio a spese dello Stato \u2013 detto anche gratuito patrocinio \u2013 <\/span><span style=\"font-family: Cambria, serif;\">\u00e8 <\/span><span style=\"font-family: Cambria, serif;\">quel<\/span><span style=\"font-family: Cambria, serif;\">l\u2019istituto <\/span><span style=\"font-family: Cambria, serif;\">previsto dalla <\/span><span style=\"font-family: Cambria, serif;\">Carta Costituzionale che consente<\/span><span style=\"font-family: Cambria, serif;\"> alla persona non abbiente di essere rappresentat<\/span><span style=\"font-family: Cambria, serif;\">a<\/span><span style=\"font-family: Cambria, serif;\"> in giudizio da un avvocato nell\u2019ambito di un procedimento <\/span><span style=\"font-family: Cambria, serif;\">giudiziario<\/span><span style=\"font-family: Cambria, serif;\">, sia per agire che per difendersi.<\/span><\/span><\/p>\n<p class=\"western\" align=\"left\"><span style=\"font-family: Cambria, serif; color: #000000; font-size: 14pt;\">L\u2019avvocato in questione non lavorer\u00e0 gratuitamente, ma la parcella sar\u00e0 pagata dallo Stato.<\/span><\/p>\n<p class=\"western\" align=\"left\"><span style=\"color: #000000; font-size: 14pt;\"><span style=\"font-family: Cambria, serif;\">L\u2019art. 74 del DPR 115\/2002 \u2013 che detta la normativa di dettaglio \u2013 cosi re<\/span><span style=\"font-family: Cambria, serif;\">cita: <\/span><span style=\"font-family: Cambria, serif;\">\u201c<\/span><span style=\"font-family: Cambria, serif;\"><i>\u00c8<\/i><\/span><i> <\/i><span style=\"font-family: Cambria, serif;\"><i>assicurato il patrocinio nel processo penale per la difesa del cittadino non abbiente, indagato, imputato, condannato, persona offesa da reato, danneggiato che intenda costituirsi parte civile, responsabile civile ovvero civilmente obbligato per la pena pecuniaria\u201d.<\/i><\/span><i> <\/i><\/span><\/p>\n<p class=\"western\" align=\"left\"><span style=\"color: #000000; font-size: 14pt;\"><span style=\"font-family: Cambria, serif;\"><b>C<\/b><\/span><span style=\"font-family: Cambria, serif;\"><b>osa significa \u201c<\/b><\/span><span style=\"font-family: Cambria, serif;\"><i><b>n<\/b><\/i><\/span><span style=\"font-family: Cambria, serif;\"><i><b>on abbiente<\/b><\/i><\/span><span style=\"font-family: Cambria, serif;\"><b>\u201d?<\/b><\/span><\/span><\/p>\n<p class=\"western\" align=\"left\"><span style=\"color: #000000; font-size: 14pt;\"><span style=\"font-family: Cambria, serif;\">Secondo l\u2019art. 76 del DPR 115\/2002 <\/span><span style=\"font-family: Cambria, serif;\">Pu\u00f2 essere ammesso al patrocinio a spese dello Stato in ambi<\/span><span style=\"font-family: Cambria, serif;\">to penale chi sia titolare di un <\/span><span style=\"font-family: Cambria, serif;\"><b>reddito annuo imponibile<\/b><\/span><span style=\"font-family: Cambria, serif;\">, risultante dall\u2019ultima dichiarazione, non superiore ad <\/span><span style=\"font-family: Cambria, serif;\"><b>\u20ac 11.746<\/b><\/span><span style=\"font-family: Cambria, serif;\"><b>,68<\/b><\/span><span style=\"font-family: Cambria, serif;\">.<\/span><\/span><\/p>\n<p class=\"western\" align=\"left\"><span style=\"color: #000000; font-size: 14pt;\"><span style=\"font-family: Cambria, serif;\">S<\/span><span style=\"font-family: Cambria, serif;\">e l&#8217;interessato convive con il coniuge o con altri familiari, il reddito \u00e8 costituito dalla somma dei redditi conseguiti nel medesimo periodo da ogni componente della famiglia, compreso l&#8217;istante. <\/span><span style=\"font-family: Cambria, serif;\">In questo caso il limite di reddito \u00e8 elevato di \u20ac<\/span><strong><span style=\"font-family: Cambria, serif;\"> 1.032,91 <\/span><\/strong><span style=\"font-family: Cambria, serif;\">per ognuno dei familiari conviventi, per tali intendendosi anche il convivente more uxorio. Insomma non conta che tra i soggetti vi sia un rapporto giuridicamente rilevante: basta che vi sia stabile convivenza. Che vi sia un nucleo familiare.<\/span><\/span><\/p>\n<p class=\"western\" align=\"left\"><span style=\"color: #000000; font-size: 14pt;\"><i><u><span style=\"font-family: Cambria, serif;\">E<\/span><span style=\"font-family: Cambria, serif;\">sempio. <\/span><\/u><\/i><\/span><\/p>\n<p class=\"western\" align=\"left\"><span style=\"color: #000000; font-size: 14pt;\"><i><span style=\"font-family: Cambria, serif;\">F<\/span><span style=\"font-family: Cambria, serif;\">amiglia composta da madre, padre e un figlio: il limite di reddito <\/span><span style=\"font-family: Cambria, serif;\">imponibile <\/span><span style=\"font-family: Cambria, serif;\">sar\u00e0 pari ad \u20ac <\/span><span style=\"font-family: Cambria, serif;\">13.812,50 (cio\u00e8 \u20ac 11.746,68 + \u20ac 1.032,91 + \u20ac 1.032,91)<\/span><\/i><\/span><\/p>\n<p class=\"western\" align=\"left\"><span style=\"font-family: Cambria, serif; color: #000000; font-size: 14pt;\"><b>Sopra i limiti di reddito non ho mai diritto al gratuito patrocinio?<\/b><\/span><\/p>\n<p class=\"western\" align=\"left\"><span style=\"font-family: Cambria, serif; color: #000000; font-size: 14pt;\">Ci sono delle eccezioni.<\/span><\/p>\n<p class=\"western\" align=\"left\"><span style=\"font-family: Cambria, serif; color: #000000; font-size: 14pt;\">Possono sempre essere ammesse al patrocinio a spese dello Stato, anche se sono titolari di un reddito imponibile superiore ai limiti sopra indicati, le persone offese (cio\u00e8 le vittime) dai seguenti reati :<\/span><\/p>\n<ul>\n<li>\n<p class=\"western\" align=\"left\"><span style=\"font-family: Cambria, serif; color: #000000; font-size: 14pt;\"><i>572 c.p. \u2013 maltrattamenti contro famigliari o conviventi;<\/i><\/span><\/p>\n<\/li>\n<li>\n<p class=\"western\" align=\"left\"><span style=\"font-family: Cambria, serif; color: #000000; font-size: 14pt;\"><i>583 bis c.p. &#8211; pratiche di mutilazione di organi genitali femminili;<\/i><\/span><\/p>\n<\/li>\n<li>\n<p class=\"western\" align=\"left\"><span style=\"font-family: Cambria, serif; color: #000000; font-size: 14pt;\"><i>609 bis c.p. &#8211; violenza sessuale;<\/i><\/span><\/p>\n<\/li>\n<li>\n<p class=\"western\" align=\"left\"><span style=\"font-family: Cambria, serif; color: #000000; font-size: 14pt;\"><i>609 quater c.p. &#8211; atti sessuali con minorenne;<\/i><\/span><\/p>\n<\/li>\n<li>\n<p class=\"western\" align=\"left\"><span style=\"font-family: Cambria, serif; color: #000000; font-size: 14pt;\"><i>609 octies c.p. &#8211; violenza sessuale di gruppo;<\/i><\/span><\/p>\n<\/li>\n<li>\n<p class=\"western\" align=\"left\"><span style=\"font-family: Cambria, serif; color: #000000; font-size: 14pt;\"><i>612 bis c.p. &#8211; atti persecutori (c.d. stalking);<\/i><\/span><\/p>\n<\/li>\n<\/ul>\n<p class=\"western\" align=\"left\"><span style=\"font-family: Cambria, serif; color: #000000; font-size: 14pt;\">nonch\u00e9 i minori vittime dei seguenti reati:<\/span><\/p>\n<ul>\n<li>\n<p class=\"western\" align=\"left\"><span style=\"color: #000000; font-size: 14pt;\"><i><span style=\"font-family: Cambria, serif;\">600<\/span> <span style=\"font-family: Cambria, serif;\">c.p. &#8211; riduzione o mantenimento in schiavit\u00f9 o in servit\u00f9;<\/span><\/i><\/span><\/p>\n<\/li>\n<li>\n<p class=\"western\" align=\"left\"><span style=\"font-family: Cambria, serif; color: #000000; font-size: 14pt;\"><i>600 bis c.p. &#8211; prostituzione minorile;<\/i><\/span><\/p>\n<\/li>\n<li>\n<p class=\"western\" align=\"left\"><span style=\"font-family: Cambria, serif; color: #000000; font-size: 14pt;\"><i>600 ter c.p. &#8211; pornografia minorile;<\/i><\/span><\/p>\n<\/li>\n<li>\n<p class=\"western\" align=\"left\"><span style=\"font-family: Cambria, serif; color: #000000; font-size: 14pt;\"><i>600 quinques c.p. &#8211; iniziative turistiche volte allo sfruttamento della prostituzione minorile;<\/i><\/span><\/p>\n<\/li>\n<li>\n<p class=\"western\" align=\"left\"><span style=\"font-family: Cambria, serif; color: #000000; font-size: 14pt;\"><i>601 c.p. &#8211; tratta di persone;<\/i><\/span><\/p>\n<\/li>\n<li>\n<p class=\"western\" align=\"left\"><span style=\"font-family: Cambria, serif; color: #000000; font-size: 14pt;\"><i>602 c.p. &#8211; acquisto e alienazione di schiavi;<\/i><\/span><\/p>\n<\/li>\n<li>\n<p class=\"western\" align=\"left\"><span style=\"font-family: Cambria, serif; color: #000000; font-size: 14pt;\"><i>609 quinquies c.p. &#8211; corruzione di minorenne;<\/i><\/span><\/p>\n<\/li>\n<li>\n<p class=\"western\" align=\"left\"><span style=\"font-family: Cambria, serif; color: #000000; font-size: 14pt;\"><i>609 undecies c.p. &#8211; adescamento di minorenni.<\/i><\/span><\/p>\n<\/li>\n<\/ul>\n<p class=\"western\" align=\"left\"><span style=\"font-family: Cambria, serif; color: #000000; font-size: 14pt;\"><b>Esclusioni<\/b><\/span><\/p>\n<p class=\"western\" align=\"left\"><span style=\"font-family: Cambria, serif; color: #000000; font-size: 14pt;\">Non \u00e8 possibile essere ammessi al gratuito patrocinio nei seguenti casi:<\/span><\/p>\n<ul>\n<li>\n<p class=\"western\" align=\"left\"><span style=\"color: #000000; font-size: 14pt;\"><span style=\"font-family: Cambria, serif;\">per l\u2019imputato \/ indagato <\/span><span style=\"font-family: Cambria, serif;\">nei procedimenti penali per reati di evasione in materia di imposte;<\/span><\/span><\/p>\n<\/li>\n<li>\n<p class=\"western\" align=\"left\"><span style=\"font-family: Cambria, serif; color: #000000; font-size: 14pt;\">se il richiedente \u00e8 assistito da pi\u00f9 di un difensore (\u00e8 ammesso invece, ora, nei procedimenti relativi a contravvenzioni);<\/span><\/p>\n<\/li>\n<li>\n<p class=\"western\" align=\"left\"><span style=\"font-family: Cambria, serif; color: #000000; font-size: 14pt;\">per i condannati con sentenza definitiva per i reati di associazione mafiosa, e connessi al traffico di tabacchi e agli stupefacenti (modifiche apportate dalla legge 24 luglio 2008, n. 125).<\/span><\/p>\n<\/li>\n<li>\n<p class=\"western\" align=\"left\"><span style=\"color: #000000; font-size: 14pt;\"><span style=\"font-family: Cambria, serif;\">s<\/span><span style=\"font-family: Cambria, serif;\">e il richiedente \u00e8 detenuto la domanda pu\u00f2 essere depositata al diretto dell\u2019istituto carcerario, il quale la trasmetter\u00e0 al magistrato competente. <\/span><\/span><\/p>\n<\/li>\n<\/ul>\n<p class=\"western\" align=\"left\"><span style=\"font-family: Cambria, serif; color: #000000; font-size: 14pt;\"><b>Tutti i non abbienti possono essere ammessi al gratuito patrocinio?<\/b><\/span><\/p>\n<p class=\"western\" align=\"left\"><span style=\"font-family: Cambria, serif; color: #000000; font-size: 14pt;\">Possono chiedere l\u2019ammissione:<\/span><\/p>\n<ul>\n<li>\n<p class=\"western\" align=\"left\"><span style=\"font-family: Cambria, serif; color: #000000; font-size: 14pt;\">i cittadini italiani;<\/span><\/p>\n<\/li>\n<li>\n<p class=\"western\" align=\"left\"><span style=\"font-family: Cambria, serif; color: #000000; font-size: 14pt;\">gli stranieri e gli apolidi residenti nello Stato;<\/span><\/p>\n<\/li>\n<li>\n<p class=\"western\" align=\"left\"><span style=\"font-family: Cambria, serif; color: #000000; font-size: 14pt;\">l\u2019indagato, l\u2019imputato, il condannato, l\u2019offeso dal reato, il danneggiato che intendano costituirsi parte civile, il responsabile civile o civilmente obbligato per l&#8217;ammenda;<\/span><\/p>\n<\/li>\n<li>\n<p class=\"western\" align=\"left\"><span style=\"font-family: Cambria, serif; color: #000000; font-size: 14pt;\">colui che (offeso dal reato \u2013 danneggiato) intenda esercitare azione civile per risarcimento del danno e restituzioni derivanti da reato.<\/span><\/p>\n<\/li>\n<\/ul>\n<p class=\"western\" align=\"left\"><span style=\"font-family: Cambria, serif; color: #000000; font-size: 14pt;\"><b>A chi rivolgersi per depositare l\u2019istanza di ammissione al Patrocinio a Spese dello Stato?<\/b><\/span><\/p>\n<p class=\"western\" align=\"left\"><span style=\"font-family: Cambria, serif; color: #000000; font-size: 14pt;\">La domanda \u00e8 depositata in carta semplice presso l\u2019ufficio del magistrato avanti al quale \u00e8 radicato il procedimento, e quindi:<\/span><\/p>\n<ul>\n<li>\n<p class=\"western\" align=\"left\"><span style=\"font-family: Cambria, serif; color: #000000; font-size: 14pt;\">alla cancelleria del GIP se il procedimento \u00e8 nella fase delle indagini preliminari;<\/span><\/p>\n<\/li>\n<li>\n<p class=\"western\" align=\"left\"><span style=\"font-family: Cambria, serif; color: #000000; font-size: 14pt;\">alla cancelleria del giudice che procede, se il procedimento \u00e8 nella fase successiva;<\/span><\/p>\n<\/li>\n<li>\n<p class=\"western\" align=\"left\"><span style=\"font-family: Cambria, serif; color: #000000; font-size: 14pt;\">alla cancelleria del giudice che ha emesso il provvedimento impugnato, se il procedimento \u00e8 davanti alla Corte di Cassazione.<\/span><\/p>\n<\/li>\n<\/ul>\n<p class=\"western\" align=\"left\"><span style=\"font-family: Cambria, serif; color: #000000; font-size: 14pt;\"><b>Come si deposita la domanda?<\/b><\/span><\/p>\n<p class=\"western\" align=\"left\"><span style=\"font-family: Cambria, serif; color: #000000; font-size: 14pt;\">La domanda pu\u00f2 essere presentata personalmente dal richiedente o (scelta consigliata) pu\u00f2 essere presentata direttamente dall\u2019avvocato incaricato, il quale former\u00e0 l\u2019istanza inserendo:<\/span><\/p>\n<ul>\n<li>\n<p class=\"western\" align=\"left\"><span style=\"font-family: Cambria, serif; color: #000000; font-size: 14pt;\">le generalit\u00e0 anagrafiche e codice fiscale del richiedente e dei componenti il suo nucleo familiare;<\/span><\/p>\n<\/li>\n<li>\n<p class=\"western\" align=\"left\"><span style=\"color: #000000; font-size: 14pt;\"><span style=\"font-family: Cambria, serif;\">l&#8217;attestazione dei redditi percepiti l&#8217;anno precedente alla domanda (autocertificazione <\/span><span style=\"font-family: Cambria, serif;\">dell\u2019istante<\/span><span style=\"font-family: Cambria, serif;\">);<\/span><\/span><\/p>\n<\/li>\n<li>\n<p class=\"western\" align=\"left\"><span style=\"font-family: Cambria, serif; color: #000000; font-size: 14pt;\">l&#8217;impegno da parte del richiedente a comunicare le eventuali variazioni di reddito rilevanti ai fini dell&#8217;ammissione al beneficio.<\/span><\/p>\n<\/li>\n<\/ul>\n<p class=\"western\" align=\"left\"><span style=\"font-family: Cambria, serif; color: #000000; font-size: 14pt;\"><b>\u00c8 possibile scegliere di essere difesi da qualsiasi avvocato o il difensore viene scelto dallo Stato?<\/b><\/span><\/p>\n<p class=\"western\"><span style=\"color: #000000; font-size: 14pt;\">\u00c8 possibile scegliere il proprio avvocato, ma solo tra quelli iscritti in uno specifico elenco nazionale.<\/span><\/p>\n<p class=\"western\" align=\"left\"><span style=\"font-family: Cambria, serif; color: #000000; font-size: 14pt;\">Non tutti i difensori possono essere iscritti nell\u2019elenco unico nazionale, ma solo coloro i quali possiedano le seguenti caratteristiche (art. 81 DPR n. 115 del 2002):<\/span><\/p>\n<ul>\n<li>\n<p class=\"western\" align=\"left\"><span style=\"font-family: Cambria, serif; color: #000000; font-size: 14pt;\">possesso di attitudini ed esperienza professionale;<\/span><\/p>\n<\/li>\n<li>\n<p class=\"western\" align=\"left\"><span style=\"font-family: Cambria, serif; color: #000000; font-size: 14pt;\">incensuratezza disciplinare per almeno cinque anni (ad eccezione dell\u2019avvertimento);<\/span><\/p>\n<\/li>\n<li>\n<p class=\"western\" align=\"left\"><span style=\"font-family: Cambria, serif; color: #000000; font-size: 14pt;\">inscrizione all\u2019albo degli avvocati da almeno due anni.<\/span><\/p>\n<\/li>\n<\/ul>\n","protected":false},"excerpt":{"rendered":"<p>Costituzione delle Repubblica Italiana<br \/>\n&#8211; art. 24 &#8211;<br \/>\n(\u2026) Sono <\/p>\n","protected":false},"author":1,"featured_media":799,"comment_status":"closed","ping_status":"closed","sticky":false,"template":"","format":"standard","meta":[],"categories":[1],"tags":[9,8],"_links":{"self":[{"href":"https:\/\/www.avvocatopallanch.it\/index.php?rest_route=\/wp\/v2\/posts\/663"}],"collection":[{"href":"https:\/\/www.avvocatopallanch.it\/index.php?rest_route=\/wp\/v2\/posts"}],"about":[{"href":"https:\/\/www.avvocatopallanch.it\/index.php?rest_route=\/wp\/v2\/types\/post"}],"author":[{"embeddable":true,"href":"https:\/\/www.avvocatopallanch.it\/index.php?rest_route=\/wp\/v2\/users\/1"}],"replies":[{"embeddable":true,"href":"https:\/\/www.avvocatopallanch.it\/index.php?rest_route=%2Fwp%2Fv2%2Fcomments&post=663"}],"version-history":[{"count":11,"href":"https:\/\/www.avvocatopallanch.it\/index.php?rest_route=\/wp\/v2\/posts\/663\/revisions"}],"predecessor-version":[{"id":1576,"href":"https:\/\/www.avvocatopallanch.it\/index.php?rest_route=\/wp\/v2\/posts\/663\/revisions\/1576"}],"wp:featuredmedia":[{"embeddable":true,"href":"https:\/\/www.avvocatopallanch.it\/index.php?rest_route=\/wp\/v2\/media\/799"}],"wp:attachment":[{"href":"https:\/\/www.avvocatopallanch.it\/index.php?rest_route=%2Fwp%2Fv2%2Fmedia&parent=663"}],"wp:term":[{"taxonomy":"category","embeddable":true,"href":"https:\/\/www.avvocatopallanch.it\/index.php?rest_route=%2Fwp%2Fv2%2Fcategories&post=663"},{"taxonomy":"post_tag","embeddable":true,"href":"https:\/\/www.avvocatopallanch.it\/index.php?rest_route=%2Fwp%2Fv2%2Ftags&post=663"}],"curies":[{"name":"wp","href":"https:\/\/api.w.org\/{rel}","templated":true}]}}