{"id":1376,"date":"2020-04-03T11:52:38","date_gmt":"2020-04-03T09:52:38","guid":{"rendered":"https:\/\/www.avvocatopallanch.it\/?p=1376"},"modified":"2020-04-03T11:52:38","modified_gmt":"2020-04-03T09:52:38","slug":"le-nuove-faq-del-governo-vince-il-diritto-alla-bigenitorialita-sempre-leciti-gli-spostamenti-per-andare-a-vedere-i-figli-minori","status":"publish","type":"post","link":"https:\/\/www.avvocatopallanch.it\/?p=1376","title":{"rendered":"LE NUOVE FAQ DEL GOVERNO: Vince il diritto alla bigenitorialit\u00e0! Sempre leciti gli spostamenti per andare a vedere i figli minori."},"content":{"rendered":"<p><span style=\"font-family: Cambria, serif; font-size: 14pt; color: #000000;\">Quando una coppia genitoriale si separa, nella quali totalit\u00e0 dei casi, la prole \u00e8 collocata prevalentemente presso uno dei due genitori. Presso questo genitore viene quindi stabilita la residenza anagrafica dei figli.<\/span><\/p>\n<p><span style=\"font-family: Cambria, serif; font-size: 14pt; color: #000000;\">Con la separazione \u00e8 necessario individuare i periodi che la prole passer\u00e0 con il genitore non collocatario, nel rispetto del diritto \u2013 dovere alla bigenitorialit\u00e0.<\/span><\/p>\n<p><span style=\"font-family: Cambria, serif; font-size: 14pt; color: #000000;\">Si viene cos\u00ec a costituire il c.d. \u201ccalendario della visite\u201d, il quale prevede i giorni settimanali di permanenza con il genitore non collocatario, le vacanze estive, le festivit\u00e0, ecc.<\/span><\/p>\n<p><span style=\"font-family: Cambria, serif; font-size: 14pt; color: #000000;\">Tale calendario viene sempre inserito nelle sentenze di separazione e di divorzio, m<\/span><span style=\"font-family: Cambria, serif; font-size: 14pt; color: #000000;\">a ci sono casi \u2013 ad esempio quello dei genitori non sposati \u2013 in cui tale calendario \u00e8 costituito da un semplice accordo tra i genitori (magari addirittura verbale), senza l\u2019intervento dell\u2019autorit\u00e0 giudiziaria.<\/span><\/p>\n<p align=\"center\"><span style=\"font-family: Cambria, serif; font-size: 24pt; color: #000000;\"><b>La decretazione di emergenza.<\/b><\/span><\/p>\n<p align=\"justify\"><span style=\"font-family: Cambria, serif; font-size: 14pt; color: #000000;\">L\u2019emergenza sanitaria in corso, per farla breve, ha vietato gli spostamenti su tutto il territorio nazionale.<\/span><\/p>\n<p align=\"justify\"><span style=\"font-family: Cambria, serif; font-size: 14pt; color: #000000;\">Gli unici spostamenti consentiti sono quelli giustificati da motivi di salute o da esigenze di lavoro.<\/span><\/p>\n<p align=\"justify\"><span style=\"font-family: Cambria, serif; font-size: 14pt; color: #000000;\">Oltre a questi casi, c\u2019\u00e8 un ulteriore clausola che giustifica gli spostamenti:<\/span><\/p>\n<p align=\"justify\"><span style=\"font-family: Cambria, serif; font-size: 14pt; color: #000000;\">&#8211; gli spostamenti all\u2019interno del Comune sono consentiti in caso di \u201csituazione di necessit\u00e0&#8221; (DPCM 8.3.2020).<\/span><\/p>\n<p align=\"justify\"><span style=\"font-family: Cambria, serif; font-size: 14pt; color: #000000;\">&#8211; gli spostamenti al di fuori del Comune di residenza sono ammessi solo in caso di <u>&#8220;assoluta urgenza&#8221;<\/u> (DPCM 22.3.2020).<\/span><\/p>\n<p align=\"justify\"><span style=\"font-family: Cambria, serif; font-size: 14pt; color: #000000;\">Maggiori informazioni qui: \u201c<a href=\"https:\/\/www.avvocatopallanch.it\/?p=1366\"><i><b>CORONAVIRUS Vs GENITORI SEPARATI: il diritto di visita del genitore non collocatario<\/b><\/i><\/a>\u201d<\/span><\/p>\n<p align=\"center\"><span style=\"font-family: Cambria, serif; font-size: 24pt; color: #000000;\"><b>Il genitore non collocatario.<\/b><\/span><\/p>\n<p align=\"justify\"><span style=\"font-family: Cambria, serif; font-size: 14pt; color: #000000;\">La domanda che sorge spontanea \u00e8: il diritto di trascorrere del tempo con la prole, per un genitore separato, rappresenta una <u>&#8220;assoluta urgenza&#8221;<\/u>, una semplice <u>&#8220;necessit\u00e0&#8221;<\/u>, o nessuna delle due ipotesi?<\/span><\/p>\n<p align=\"justify\"><span style=\"font-family: Cambria, serif; font-size: 14pt; color: #000000;\">La frammentazione delle regole parrebbe aprire la porta ad una maggior garanzia per quei genitori che siano muniti di un calendario delle visite giudiziale (il cui rispetto potrebbe in effetti rappresentare una \u201cnecessit\u00e0\u201d) con figli residenti nello stesso Comune.<\/span><\/p>\n<p align=\"justify\"><span style=\"font-family: Cambria, serif; font-size: 14pt; color: #000000;\">Risulterebbe pi\u00f9 complicato dichiarare legittimo lo spostamento del genitore privo di calendario giudiziale che, magari, debba pure varcare il confine comunale (attivit\u00e0 ammessa solo per \u201cassoluta urgenza\u201d).<\/span><\/p>\n<p align=\"center\"><span style=\"font-family: Cambria, serif; font-size: 24pt; color: #000000;\"><b>La vera domanda<\/b><\/span><\/p>\n<p align=\"justify\"><span style=\"font-family: Cambria, serif; font-size: 14pt; color: #000000;\">In fin dei conti la domanda \u00e8 la seguente: ha priorit\u00e0 il diritto costituzionale alla salute collettiva (tutelato con l\u2019obbligo di stare a casa) o quello alla bigenitorialit\u00e0 (tutelato con il rispetto del calendario delle visite).<\/span><\/p>\n<p align=\"justify\"><span style=\"font-family: Cambria, serif; font-size: 14pt; color: #000000;\"><u>La coperta \u00e8 corta e una scelta deve pur essere fatta:<\/u><\/span><\/p>\n<p align=\"justify\"><span style=\"font-family: Cambria, serif; font-size: 14pt; color: #000000;\">&#8211; il diritto alla bigenitorialit\u00e0 \u00e8 cos\u00ec irrinunciabile al punto da rendere lecito mettere in pericolo la salute collettiva mediante plurimi spostamenti, magari da una parte all\u2019altra dello Stato?<\/span><\/p>\n<p align=\"justify\"><span style=\"font-family: Cambria, serif; font-size: 14pt; color: #000000;\">&#8211; oppure il diritto alla salute \u00e8 da ritenersi preponderante e il diritto alla bigenitorialit\u00e0 pu\u00f2 subire una compressione?<\/span><\/p>\n<p align=\"justify\"><span style=\"font-family: Cambria, serif; font-size: 14pt; color: #000000;\">Pochi giorni fa il Tribunale di Bari, con ordinanza 26.3.2020 aveva aderito a tale seconda prospettiva, sospendendo le visite di un genitore non affidatario, e disponendo che, fino a tale data, il diritto di visita <i>sia esercitato attraverso lo strumento della videochiamata, o Skype, per periodi di tempo uguali a quelli fissati, e secondo il calendario disposto dal Tribunale<\/i>. Maggiori info al seguente link: <i> \u201c<\/i><i>il Tribunale sospende i diritti di visita tra genitori e figli minori residenti in altro comune\u201d.<\/i><\/span><\/p>\n<p align=\"center\"><span style=\"font-family: Cambria, serif; font-size: 14pt; color: #000000;\"><b>La risposta <\/b><b>del Governo.<\/b><\/span><\/p>\n<p align=\"justify\"><span style=\"font-family: Cambria, serif; font-size: 14pt; color: #000000;\">Il sito del Governo, nel tentativo di offrire una risposta univoca ai legittimi dubbi<\/span><span style=\"color: #000000; font-family: Cambria, serif; font-size: 14pt;\">\u00a0di tutti i genitori (ed anche di noi professionisti), ha modificato le FAQ (domande frequenti) inserendo quanto segue<\/span><span style=\"color: #000000; font-family: Cambria, serif; font-size: 18.6667px;\">:<\/span><\/p>\n<p align=\"justify\"><span style=\"font-family: Cambria, serif; font-size: 14pt; color: #000000;\">DOMANDA:<\/span><\/p>\n<blockquote>\n<p align=\"justify\"><span style=\"font-family: Cambria, serif; font-size: 18pt; color: #000000;\"><i>Sono separato\/divorziato, posso andare a trovare i miei figli minorenni?<\/i><\/span><\/p>\n<\/blockquote>\n<p style=\"text-align: center;\"><span style=\"font-family: Cambria, serif; font-size: 14pt; color: #000000;\">RISPOSTA:<\/span><\/p>\n<blockquote><p><span style=\"font-family: Cambria, serif; font-size: 18pt; color: #000000;\"><i>S\u00ec. Gli spostamenti per raggiungere i figli minorenni presso l\u2019altro genitore o comunque presso l\u2019affidatario, oppure per condurli presso di s\u00e9, sono consentiti <u>anche da un Comune all\u2019altro<\/u>. Tali spostamenti dovranno in ogni caso avvenire scegliendo il tragitto pi\u00f9 breve e nel rispetto di tutte le prescrizioni di tipo sanitario (persone in quarantena, positive, immunodepresse etc.), nonch\u00e9 <u>secondo le modalit\u00e0 previste dal giudice con i provvedimenti di separazione o divorzio o, in assenza di tali provvedimenti, secondo quanto concordato tra i genitori. <\/u><\/i><\/span><\/p><\/blockquote>\n<p><span style=\"font-family: Cambria, serif; font-size: 14pt; color: #000000;\">La posizione del sito del Governo appare chiara, anche se lascia alcuni dubbi riguardo la posizione dei genitori non coniugati. Di loro non si parla. Possiamo considerarli autorizzati?<\/span><\/p>\n<p><span style=\"font-family: Cambria, serif; font-size: 14pt; color: #000000;\">In ogni caso la FAQ assume chiaramente la seguente posizione: <b>il diritto alla bigenitorialit\u00e0 prevale su quello (collettivo) alla salute.<\/b><\/span><\/p>\n<p><span style=\"font-family: Cambria, serif; font-size: 14pt; color: #000000;\">Chiudo con una domanda: che valore giuridico possiamo attribuire alle FAQ del sito www. Governo.it? Il Giudice \u00e8 vincolato al rispetto delle FAQ? Oppure \u00e8 ancora libero di ritenere che continui spostamenti (magari a cadenza settimanale) da una parte all\u2019altra della Nazione, magari con impiego di mezzi pubblici, semplicemente concordati tra genitori e senza avvallo del Tribunale, violino il DPCM 22.3.2020 comminando le sanzioni di legge?<\/span><\/p>\n<p><span style=\"font-family: Cambria, serif; font-size: 14pt; color: #000000;\">Trento, 3.4.2020<\/span><\/p>\n<p align=\"right\"><span style=\"font-family: Cambria, serif; font-size: 14pt; color: #000000;\">avv. Matteo Pallanch<\/span><\/p>\n","protected":false},"excerpt":{"rendered":"<p>Quando una coppia genitoriale si separa, nella quali totalit\u00e0 dei <\/p>\n","protected":false},"author":1,"featured_media":1377,"comment_status":"closed","ping_status":"closed","sticky":false,"template":"","format":"standard","meta":[],"categories":[5],"tags":[142,134,141,139,140],"_links":{"self":[{"href":"https:\/\/www.avvocatopallanch.it\/index.php?rest_route=\/wp\/v2\/posts\/1376"}],"collection":[{"href":"https:\/\/www.avvocatopallanch.it\/index.php?rest_route=\/wp\/v2\/posts"}],"about":[{"href":"https:\/\/www.avvocatopallanch.it\/index.php?rest_route=\/wp\/v2\/types\/post"}],"author":[{"embeddable":true,"href":"https:\/\/www.avvocatopallanch.it\/index.php?rest_route=\/wp\/v2\/users\/1"}],"replies":[{"embeddable":true,"href":"https:\/\/www.avvocatopallanch.it\/index.php?rest_route=%2Fwp%2Fv2%2Fcomments&post=1376"}],"version-history":[{"count":1,"href":"https:\/\/www.avvocatopallanch.it\/index.php?rest_route=\/wp\/v2\/posts\/1376\/revisions"}],"predecessor-version":[{"id":1378,"href":"https:\/\/www.avvocatopallanch.it\/index.php?rest_route=\/wp\/v2\/posts\/1376\/revisions\/1378"}],"wp:featuredmedia":[{"embeddable":true,"href":"https:\/\/www.avvocatopallanch.it\/index.php?rest_route=\/wp\/v2\/media\/1377"}],"wp:attachment":[{"href":"https:\/\/www.avvocatopallanch.it\/index.php?rest_route=%2Fwp%2Fv2%2Fmedia&parent=1376"}],"wp:term":[{"taxonomy":"category","embeddable":true,"href":"https:\/\/www.avvocatopallanch.it\/index.php?rest_route=%2Fwp%2Fv2%2Fcategories&post=1376"},{"taxonomy":"post_tag","embeddable":true,"href":"https:\/\/www.avvocatopallanch.it\/index.php?rest_route=%2Fwp%2Fv2%2Ftags&post=1376"}],"curies":[{"name":"wp","href":"https:\/\/api.w.org\/{rel}","templated":true}]}}